{"id":71,"date":"2023-08-09T09:32:24","date_gmt":"2023-08-09T09:32:24","guid":{"rendered":"https:\/\/madredziecko.com.pl\/?p=71"},"modified":"2023-08-09T09:32:24","modified_gmt":"2023-08-09T09:32:24","slug":"5-czestych-bledow-w-aranzacji-sypialni","status":"publish","type":"post","link":"https:\/\/madredziecko.com.pl\/index.php\/2023\/08\/09\/5-czestych-bledow-w-aranzacji-sypialni\/","title":{"rendered":"5 cz\u0119stych b\u0142\u0119d\u00f3w w aran\u017cacji sypialni"},"content":{"rendered":"\n<p>Wiele os\u00f3b po\u015bwi\u0119ca wiele uwagi dekoracji i aran\u017cacji salonu czy kuchni, jednak sypialnia r\u00f3wnie\u017c zas\u0142uguje na r\u00f3wnie staranne podej\u015bcie. To w niej regenerujemy si\u0142y i odpoczywamy po intensywnym dniu. Niestety, nawet przy najlepszych ch\u0119ciach pope\u0142niamy czasami b\u0142\u0119dy w aran\u017cacji sypialni, kt\u00f3re mog\u0105 wp\u0142yn\u0105\u0107 na jako\u015b\u0107 naszego snu i og\u00f3lny komfort.<\/p>\n\n\n\n<h2 class=\"wp-block-heading\">Brak Ergonomii w Wyborze Mebli<\/h2>\n\n\n\n<p>Wyb\u00f3r mebli do sypialni nie powinien opiera\u0107 si\u0119 wy\u0142\u0105cznie na estetyce. Niestosownie dobrana wysoko\u015b\u0107 \u0142\u00f3\u017cka, zbyt niskie lub zbyt wysokie szafki nocne czy biurko, mog\u0105 negatywnie wp\u0142yn\u0105\u0107 na wygod\u0119 korzystania z pomieszczenia. Przy zakupie mebli do sypialni zwr\u00f3\u0107my uwag\u0119 na ich ergonomi\u0119 &#8211; meble powinny by\u0107 dopasowane do naszych indywidualnych potrzeb, aby zapewni\u0107 optymalny komfort i wsparcie dla kr\u0119gos\u0142upa.<\/p>\n\n\n\n<h2 class=\"wp-block-heading\">Nadmiar Elektroniki i Ekran\u00f3w<\/h2>\n\n\n\n<p>Sypialnia to przede wszystkim miejsce relaksu i odpoczynku. Umieszczanie telewizora, komputera czy innych urz\u0105dze\u0144 elektronicznych w tym pomieszczeniu mo\u017ce negatywnie wp\u0142yn\u0105\u0107 na jako\u015b\u0107 snu. Emitowane przez nie \u015bwiat\u0142o nie tylko zak\u0142\u00f3ca nasz naturalny rytm dobowy, ale tak\u017ce utrudnia zasypianie. Dlatego warto zrezygnowa\u0107 z nadmiaru ekran\u00f3w w sypialni, stworzy\u0107 przestrze\u0144 sprzyjaj\u0105c\u0105 odpr\u0119\u017ceniu i skupieniu na regeneracji organizmu.<\/p>\n\n\n\n<h2 class=\"wp-block-heading\">Z\u0142a Kolorystyka \u015acian<\/h2>\n\n\n\n<p>Kolorystyka \u015bcian to kluczowy element aran\u017cacji ka\u017cdego pomieszczenia, w tym sypialni. B\u0142\u0105d polega na wybieraniu zbyt intensywnych i stymuluj\u0105cych barw, takich jak jaskrawe czerwienie czy energiczne pomara\u0144cze. Takie kolory mog\u0105 wywo\u0142ywa\u0107 uczucie niepokoju i utrudnia\u0107 zasypianie. Zamiast tego, warto postawi\u0107 na stonowane odcienie zieleni, niebieskiego czy pastelowych ton\u00f3w, kt\u00f3re tworz\u0105 spokojn\u0105 atmosfer\u0119 sprzyjaj\u0105c\u0105 relaksowi.<\/p>\n\n\n\n<h2 class=\"wp-block-heading\">Niew\u0142a\u015bciwe O\u015bwietlenie<\/h2>\n\n\n\n<p>B\u0142\u0119dem jest poleganie wy\u0142\u0105cznie na jednym \u017ar\u00f3dle \u015bwiat\u0142a w sypialni. Zbyt jasne o\u015bwietlenie sufitowe mo\u017ce by\u0107 ra\u017c\u0105ce wieczorem i utrudnia\u0107 wytworzenie atmosfery sprzyjaj\u0105cej uspokojeniu. Lepiej zainwestowa\u0107 w zr\u00f3\u017cnicowane \u017ar\u00f3d\u0142a \u015bwiat\u0142a, takie jak lampki nocne czy pod\u015bwietlane p\u00f3\u0142ki, kt\u00f3re umo\u017cliwi\u0105 regulacj\u0119 nat\u0119\u017cenia \u015bwiat\u0142a w zale\u017cno\u015bci od potrzeb.<\/p>\n\n\n\n<h2 class=\"wp-block-heading\">Zaniedbanie Przechowywania<\/h2>\n\n\n\n<p>Porz\u0105dek w sypialni ma kluczowe znaczenie dla naszego komfortu psychicznego. Zaniedbanie odpowiedniego przechowywania prowadzi do nagromadzenia przedmiot\u00f3w na widoku, co mo\u017ce tworzy\u0107 wra\u017cenie chaosu i stresu. Szafy, komody i rega\u0142y powinny by\u0107 starannie zaplanowane, aby pomie\u015bci\u0107 wszystkie nasze rzeczy i jednocze\u015bnie utrzyma\u0107 porz\u0105dek w pomieszczeniu.<\/p>\n","protected":false},"excerpt":{"rendered":"<p>Wiele os\u00f3b po\u015bwi\u0119ca wiele uwagi dekoracji i aran\u017cacji salonu czy kuchni, jednak sypialnia r\u00f3wnie\u017c zas\u0142uguje na r\u00f3wnie staranne podej\u015bcie. To w niej regenerujemy si\u0142y i odpoczywamy po intensywnym dniu. Niestety, nawet przy najlepszych ch\u0119ciach pope\u0142niamy czasami b\u0142\u0119dy w aran\u017cacji sypialni, kt\u00f3re mog\u0105 wp\u0142yn\u0105\u0107 na jako\u015b\u0107 naszego snu i og\u00f3lny komfort. Brak Ergonomii w Wyborze Mebli&#8230;<\/p>\n","protected":false},"author":1,"featured_media":72,"comment_status":"open","ping_status":"open","sticky":false,"template":"","format":"standard","meta":{"_kad_post_transparent":"","_kad_post_title":"","_kad_post_layout":"","_kad_post_sidebar_id":"","_kad_post_content_style":"","_kad_post_vertical_padding":"","_kad_post_feature":"","_kad_post_feature_position":"","_kad_post_header":false,"_kad_post_footer":false,"footnotes":""},"categories":[3],"tags":[],"class_list":["post-71","post","type-post","status-publish","format-standard","has-post-thumbnail","hentry","category-dom"],"_links":{"self":[{"href":"https:\/\/madredziecko.com.pl\/index.php\/wp-json\/wp\/v2\/posts\/71","targetHints":{"allow":["GET"]}}],"collection":[{"href":"https:\/\/madredziecko.com.pl\/index.php\/wp-json\/wp\/v2\/posts"}],"about":[{"href":"https:\/\/madredziecko.com.pl\/index.php\/wp-json\/wp\/v2\/types\/post"}],"author":[{"embeddable":true,"href":"https:\/\/madredziecko.com.pl\/index.php\/wp-json\/wp\/v2\/users\/1"}],"replies":[{"embeddable":true,"href":"https:\/\/madredziecko.com.pl\/index.php\/wp-json\/wp\/v2\/comments?post=71"}],"version-history":[{"count":0,"href":"https:\/\/madredziecko.com.pl\/index.php\/wp-json\/wp\/v2\/posts\/71\/revisions"}],"wp:featuredmedia":[{"embeddable":true,"href":"https:\/\/madredziecko.com.pl\/index.php\/wp-json\/"}],"wp:attachment":[{"href":"https:\/\/madredziecko.com.pl\/index.php\/wp-json\/wp\/v2\/media?parent=71"}],"wp:term":[{"taxonomy":"category","embeddable":true,"href":"https:\/\/madredziecko.com.pl\/index.php\/wp-json\/wp\/v2\/categories?post=71"},{"taxonomy":"post_tag","embeddable":true,"href":"https:\/\/madredziecko.com.pl\/index.php\/wp-json\/wp\/v2\/tags?post=71"}],"curies":[{"name":"wp","href":"https:\/\/api.w.org\/{rel}","templated":true}]}}