{"id":25,"date":"2023-07-17T07:23:00","date_gmt":"2023-07-17T07:23:00","guid":{"rendered":"https:\/\/madredziecko.com.pl\/?p=25"},"modified":"2023-07-17T07:23:00","modified_gmt":"2023-07-17T07:23:00","slug":"meble-do-salonu-co-warto-kupic","status":"publish","type":"post","link":"https:\/\/madredziecko.com.pl\/index.php\/2023\/07\/17\/meble-do-salonu-co-warto-kupic\/","title":{"rendered":"Meble do salonu &#8211; co warto kupi\u0107?"},"content":{"rendered":"\n<p>Salon to serce ka\u017cdego domu &#8211; to w nim sp\u0119dzamy czas z rodzin\u0105 i przyjaci\u00f3\u0142mi, relaksujemy si\u0119 po ci\u0119\u017ckim dniu pracy oraz przyjmujemy naszych go\u015bci. Dlatego tak istotne jest odpowiednie urz\u0105dzenie tego pomieszczenia, aby by\u0142o funkcjonalne, wygodne i estetyczne. Kluczem do udanego wystroju salonu s\u0105 odpowiednio dobrane meble, kt\u00f3re nie tylko dope\u0142ni\u0105 aran\u017cacj\u0119, ale r\u00f3wnie\u017c spe\u0142ni\u0105 nasze potrzeby i preferencje.<\/p>\n\n\n\n<h2 class=\"wp-block-heading\">Sofa &#8211; komfort i styl w jednym<\/h2>\n\n\n\n<p>Sofa to jedno z najwa\u017cniejszych mebli w salonie, poniewa\u017c to na niej sp\u0119dzamy czas odpoczywaj\u0105c czy te\u017c ogl\u0105daj\u0105c ulubiony serial. Wybieraj\u0105c sof\u0119, warto zwr\u00f3ci\u0107 uwag\u0119 nie tylko na jej wygl\u0105d, ale przede wszystkim na komfort. Wyb\u00f3r mi\u0119dzy mi\u0119kk\u0105 kanap\u0105, a twardszym wersjonowaniem zale\u017cy od naszych preferencji. Warto r\u00f3wnie\u017c pami\u0119ta\u0107 o wielko\u015bci sofy &#8211; powinna by\u0107 dopasowana do rozmiaru salonu, aby nie dominowa\u0107 nad reszt\u0105 wn\u0119trza.<\/p>\n\n\n\n<h2 class=\"wp-block-heading\">Stolik kawowy &#8211; funkcjonalno\u015b\u0107 w niewielkim wydaniu<\/h2>\n\n\n\n<p>Stolik kawowy to kolejny element niezb\u0119dny w salonie. Mo\u017ce pe\u0142ni\u0107 wiele funkcji &#8211; od miejsca na fili\u017cank\u0119 kawy po przechowywanie ulubionych magazyn\u00f3w. Warto zwr\u00f3ci\u0107 uwag\u0119 na wyb\u00f3r materia\u0142u, z kt\u00f3rego wykonany jest stolik &#8211; drewno doda ciep\u0142a i przytulno\u015bci, szklana powierzchnia natomiast nada nowoczesny charakter. Dobrze jest tak\u017ce wybra\u0107 stolik o odpowiednich wymiarach, aby nie ogranicza\u0142 przestrzeni w salonie.<\/p>\n\n\n\n<h2 class=\"wp-block-heading\">Rega\u0142 na ksi\u0105\u017cki i dekoracje<\/h2>\n\n\n\n<p>Je\u015bli jeste\u015bmy mi\u0142o\u015bnikami czytania, rega\u0142 na ksi\u0105\u017cki to nieodzowny element naszego salonu. Jednak nawet je\u015bli nie przepadamy za literatur\u0105, warto mie\u0107 rega\u0142, na kt\u00f3rym mo\u017cemy eksponowa\u0107 swoje ulubione dekoracje, pami\u0105tki z podr\u00f3\u017cy czy rodzinne fotografie. Rega\u0142 mo\u017ce stanowi\u0107 r\u00f3wnie\u017c praktyczne miejsce do przechowywania r\u00f3\u017cnych przedmiot\u00f3w, dzi\u0119ki czemu utrzymamy porz\u0105dek w salonie.<\/p>\n\n\n\n<h2 class=\"wp-block-heading\">Komoda &#8211; praktyczne rozwi\u0105zanie<\/h2>\n\n\n\n<p>Komoda to mebel, kt\u00f3ry warto mie\u0107 w salonie, zw\u0142aszcza je\u015bli chcemy zachowa\u0107 porz\u0105dek w pomieszczeniu. Mo\u017cemy w niej przechowywa\u0107 rzeczy, kt\u00f3re chcemy mie\u0107 pod r\u0119k\u0105, ale niekoniecznie musz\u0105 by\u0107 widoczne na co dzie\u0144. Komoda mo\u017ce pos\u0142u\u017cy\u0107 r\u00f3wnie\u017c jako podstawa pod telewizor, co pozwoli na uporz\u0105dkowanie przewod\u00f3w i akcesori\u00f3w zwi\u0105zanych z elektronik\u0105.<\/p>\n","protected":false},"excerpt":{"rendered":"<p>Salon to serce ka\u017cdego domu &#8211; to w nim sp\u0119dzamy czas z rodzin\u0105 i przyjaci\u00f3\u0142mi, relaksujemy si\u0119 po ci\u0119\u017ckim dniu pracy oraz przyjmujemy naszych go\u015bci. Dlatego tak istotne jest odpowiednie urz\u0105dzenie tego pomieszczenia, aby by\u0142o funkcjonalne, wygodne i estetyczne. Kluczem do udanego wystroju salonu s\u0105 odpowiednio dobrane meble, kt\u00f3re nie tylko dope\u0142ni\u0105 aran\u017cacj\u0119, ale r\u00f3wnie\u017c&#8230;<\/p>\n","protected":false},"author":1,"featured_media":36,"comment_status":"open","ping_status":"open","sticky":false,"template":"","format":"standard","meta":{"_kad_post_transparent":"","_kad_post_title":"","_kad_post_layout":"","_kad_post_sidebar_id":"","_kad_post_content_style":"","_kad_post_vertical_padding":"","_kad_post_feature":"","_kad_post_feature_position":"","_kad_post_header":false,"_kad_post_footer":false,"footnotes":""},"categories":[3],"tags":[],"class_list":["post-25","post","type-post","status-publish","format-standard","has-post-thumbnail","hentry","category-dom"],"_links":{"self":[{"href":"https:\/\/madredziecko.com.pl\/index.php\/wp-json\/wp\/v2\/posts\/25","targetHints":{"allow":["GET"]}}],"collection":[{"href":"https:\/\/madredziecko.com.pl\/index.php\/wp-json\/wp\/v2\/posts"}],"about":[{"href":"https:\/\/madredziecko.com.pl\/index.php\/wp-json\/wp\/v2\/types\/post"}],"author":[{"embeddable":true,"href":"https:\/\/madredziecko.com.pl\/index.php\/wp-json\/wp\/v2\/users\/1"}],"replies":[{"embeddable":true,"href":"https:\/\/madredziecko.com.pl\/index.php\/wp-json\/wp\/v2\/comments?post=25"}],"version-history":[{"count":0,"href":"https:\/\/madredziecko.com.pl\/index.php\/wp-json\/wp\/v2\/posts\/25\/revisions"}],"wp:featuredmedia":[{"embeddable":true,"href":"https:\/\/madredziecko.com.pl\/index.php\/wp-json\/"}],"wp:attachment":[{"href":"https:\/\/madredziecko.com.pl\/index.php\/wp-json\/wp\/v2\/media?parent=25"}],"wp:term":[{"taxonomy":"category","embeddable":true,"href":"https:\/\/madredziecko.com.pl\/index.php\/wp-json\/wp\/v2\/categories?post=25"},{"taxonomy":"post_tag","embeddable":true,"href":"https:\/\/madredziecko.com.pl\/index.php\/wp-json\/wp\/v2\/tags?post=25"}],"curies":[{"name":"wp","href":"https:\/\/api.w.org\/{rel}","templated":true}]}}